{"id":4033,"date":"2026-04-30T14:17:40","date_gmt":"2026-04-30T12:17:40","guid":{"rendered":"https:\/\/iesmarcilla.educacion.navarra.es\/web\/?p=4033"},"modified":"2026-04-30T14:26:32","modified_gmt":"2026-04-30T12:26:32","slug":"a3-proyecto-educativo","status":"publish","type":"post","link":"https:\/\/iesmarcilla.educacion.navarra.es\/web\/blog\/2026\/04\/30\/a3-proyecto-educativo\/","title":{"rendered":"A3+ Proyecto Educativo (2\u00ba ESO)"},"content":{"rendered":"\n<p>Abril 2026<\/p>\n\n\n\n<p>En su novena edici\u00f3n, en colaboraci\u00f3n con Programa Innova, un programa de Fundaci\u00f3n Caja Navarra y Fundaci\u00f3n \u00abla Caixa\u00bb , el proyecto A3 se transforma en A3+ con tres novedades esenciales: entran grupos sociales, hay sesiones de trabajo entre las personas responsables de los grupos participantes y se propiciar\u00e1 una afectaci\u00f3n directa en el territorio mediante producciones colectivas.  <\/p>\n\n\n\n<p>Sigue siendo una convocatoria abierta a grupos escolares (cualquier nivel educativo dentro de la educaci\u00f3n formal) a la que se le suman, por primera vez, grupos sociales (Asociaciones y colectivos sociales que trabajen con personas en riesgo de exclusi\u00f3n social) con el objetivo de generar un intercambio de conocimientos entre el \u00e1mbito educativo, social y art\u00edstico local que posibilite el enriquecimiento de todes.<\/p>\n\n\n\n<p>Como centro de creaci\u00f3n, producci\u00f3n y experimentaci\u00f3n en constante relaci\u00f3n con nuestro territorio, queremos posibilitar as\u00ed la creaci\u00f3n de proyectos educativos con centros educativos y colectivos sociales en colaboraci\u00f3n con artistas locales.<\/p>\n\n\n\n<figure class=\"wp-block-image size-large\"><img loading=\"lazy\" width=\"1024\" height=\"473\" src=\"https:\/\/iesmarcilla.educacion.navarra.es\/web\/wp-content\/uploads\/2026\/04\/a3-1024x473.jpg\" alt=\"\" class=\"wp-image-4035\" srcset=\"https:\/\/iesmarcilla.educacion.navarra.es\/web\/wp-content\/uploads\/2026\/04\/a3-1024x473.jpg 1024w, https:\/\/iesmarcilla.educacion.navarra.es\/web\/wp-content\/uploads\/2026\/04\/a3-300x139.jpg 300w, https:\/\/iesmarcilla.educacion.navarra.es\/web\/wp-content\/uploads\/2026\/04\/a3-768x355.jpg 768w, https:\/\/iesmarcilla.educacion.navarra.es\/web\/wp-content\/uploads\/2026\/04\/a3.jpg 1500w\" sizes=\"(max-width: 1024px) 100vw, 1024px\" \/><\/figure>\n\n\n\n<figure class=\"wp-block-image size-large\"><img loading=\"lazy\" width=\"1024\" height=\"473\" src=\"https:\/\/iesmarcilla.educacion.navarra.es\/web\/wp-content\/uploads\/2026\/04\/a31-1024x473.jpg\" alt=\"\" class=\"wp-image-4036\" srcset=\"https:\/\/iesmarcilla.educacion.navarra.es\/web\/wp-content\/uploads\/2026\/04\/a31-1024x473.jpg 1024w, https:\/\/iesmarcilla.educacion.navarra.es\/web\/wp-content\/uploads\/2026\/04\/a31-300x139.jpg 300w, https:\/\/iesmarcilla.educacion.navarra.es\/web\/wp-content\/uploads\/2026\/04\/a31-768x355.jpg 768w, https:\/\/iesmarcilla.educacion.navarra.es\/web\/wp-content\/uploads\/2026\/04\/a31.jpg 1500w\" sizes=\"(max-width: 1024px) 100vw, 1024px\" \/><\/figure>\n\n\n\n<figure class=\"wp-block-image size-large\"><img loading=\"lazy\" width=\"1024\" height=\"473\" src=\"https:\/\/iesmarcilla.educacion.navarra.es\/web\/wp-content\/uploads\/2026\/04\/a33-1024x473.jpg\" alt=\"\" class=\"wp-image-4037\" srcset=\"https:\/\/iesmarcilla.educacion.navarra.es\/web\/wp-content\/uploads\/2026\/04\/a33-1024x473.jpg 1024w, https:\/\/iesmarcilla.educacion.navarra.es\/web\/wp-content\/uploads\/2026\/04\/a33-300x139.jpg 300w, https:\/\/iesmarcilla.educacion.navarra.es\/web\/wp-content\/uploads\/2026\/04\/a33-768x355.jpg 768w, https:\/\/iesmarcilla.educacion.navarra.es\/web\/wp-content\/uploads\/2026\/04\/a33.jpg 1500w\" sizes=\"(max-width: 1024px) 100vw, 1024px\" \/><\/figure>\n\n\n\n<figure class=\"wp-block-image size-large\"><img loading=\"lazy\" width=\"1024\" height=\"472\" src=\"https:\/\/iesmarcilla.educacion.navarra.es\/web\/wp-content\/uploads\/2026\/04\/a34-1024x472.jpg\" alt=\"\" class=\"wp-image-4038\" srcset=\"https:\/\/iesmarcilla.educacion.navarra.es\/web\/wp-content\/uploads\/2026\/04\/a34-1024x472.jpg 1024w, https:\/\/iesmarcilla.educacion.navarra.es\/web\/wp-content\/uploads\/2026\/04\/a34-300x138.jpg 300w, https:\/\/iesmarcilla.educacion.navarra.es\/web\/wp-content\/uploads\/2026\/04\/a34-768x354.jpg 768w, https:\/\/iesmarcilla.educacion.navarra.es\/web\/wp-content\/uploads\/2026\/04\/a34.jpg 1500w\" sizes=\"(max-width: 1024px) 100vw, 1024px\" \/><\/figure>\n\n\n\n<figure class=\"wp-block-image size-large\"><img loading=\"lazy\" width=\"1024\" height=\"473\" src=\"https:\/\/iesmarcilla.educacion.navarra.es\/web\/wp-content\/uploads\/2026\/04\/a35-1024x473.jpg\" alt=\"\" class=\"wp-image-4039\" srcset=\"https:\/\/iesmarcilla.educacion.navarra.es\/web\/wp-content\/uploads\/2026\/04\/a35-1024x473.jpg 1024w, https:\/\/iesmarcilla.educacion.navarra.es\/web\/wp-content\/uploads\/2026\/04\/a35-300x139.jpg 300w, https:\/\/iesmarcilla.educacion.navarra.es\/web\/wp-content\/uploads\/2026\/04\/a35-768x355.jpg 768w, https:\/\/iesmarcilla.educacion.navarra.es\/web\/wp-content\/uploads\/2026\/04\/a35.jpg 1500w\" sizes=\"(max-width: 1024px) 100vw, 1024px\" \/><\/figure>\n\n\n\n<figure class=\"wp-block-image size-large\"><img loading=\"lazy\" width=\"1024\" height=\"473\" src=\"https:\/\/iesmarcilla.educacion.navarra.es\/web\/wp-content\/uploads\/2026\/04\/a36-1024x473.jpg\" alt=\"\" class=\"wp-image-4040\" srcset=\"https:\/\/iesmarcilla.educacion.navarra.es\/web\/wp-content\/uploads\/2026\/04\/a36-1024x473.jpg 1024w, https:\/\/iesmarcilla.educacion.navarra.es\/web\/wp-content\/uploads\/2026\/04\/a36-300x139.jpg 300w, https:\/\/iesmarcilla.educacion.navarra.es\/web\/wp-content\/uploads\/2026\/04\/a36-768x355.jpg 768w, https:\/\/iesmarcilla.educacion.navarra.es\/web\/wp-content\/uploads\/2026\/04\/a36.jpg 1500w\" sizes=\"(max-width: 1024px) 100vw, 1024px\" \/><\/figure>\n","protected":false},"excerpt":{"rendered":"<p>Abril 2026 En su novena edici\u00f3n, en colaboraci\u00f3n con Programa Innova, un programa de Fundaci\u00f3n Caja Navarra y Fundaci\u00f3n \u00abla Caixa\u00bb , el proyecto A3 se transforma en A3+ con tres novedades esenciales: entran grupos sociales, hay sesiones de trabajo entre las personas responsables de los grupos participantes y se propiciar\u00e1 una afectaci\u00f3n directa en [&hellip;]<\/p>\n","protected":false},"author":1,"featured_media":4034,"comment_status":"closed","ping_status":"open","sticky":false,"template":"","format":"standard","meta":{"_genesis_hide_title":false,"_genesis_hide_breadcrumbs":false,"_genesis_hide_singular_image":false,"_genesis_hide_footer_widgets":false,"_genesis_custom_body_class":"","_genesis_custom_post_class":"","_genesis_layout":""},"categories":[10,1],"tags":[],"_links":{"self":[{"href":"https:\/\/iesmarcilla.educacion.navarra.es\/web\/wp-json\/wp\/v2\/posts\/4033"}],"collection":[{"href":"https:\/\/iesmarcilla.educacion.navarra.es\/web\/wp-json\/wp\/v2\/posts"}],"about":[{"href":"https:\/\/iesmarcilla.educacion.navarra.es\/web\/wp-json\/wp\/v2\/types\/post"}],"author":[{"embeddable":true,"href":"https:\/\/iesmarcilla.educacion.navarra.es\/web\/wp-json\/wp\/v2\/users\/1"}],"replies":[{"embeddable":true,"href":"https:\/\/iesmarcilla.educacion.navarra.es\/web\/wp-json\/wp\/v2\/comments?post=4033"}],"version-history":[{"count":2,"href":"https:\/\/iesmarcilla.educacion.navarra.es\/web\/wp-json\/wp\/v2\/posts\/4033\/revisions"}],"predecessor-version":[{"id":4050,"href":"https:\/\/iesmarcilla.educacion.navarra.es\/web\/wp-json\/wp\/v2\/posts\/4033\/revisions\/4050"}],"wp:featuredmedia":[{"embeddable":true,"href":"https:\/\/iesmarcilla.educacion.navarra.es\/web\/wp-json\/wp\/v2\/media\/4034"}],"wp:attachment":[{"href":"https:\/\/iesmarcilla.educacion.navarra.es\/web\/wp-json\/wp\/v2\/media?parent=4033"}],"wp:term":[{"taxonomy":"category","embeddable":true,"href":"https:\/\/iesmarcilla.educacion.navarra.es\/web\/wp-json\/wp\/v2\/categories?post=4033"},{"taxonomy":"post_tag","embeddable":true,"href":"https:\/\/iesmarcilla.educacion.navarra.es\/web\/wp-json\/wp\/v2\/tags?post=4033"}],"curies":[{"name":"wp","href":"https:\/\/api.w.org\/{rel}","templated":true}]}}