{"id":3733,"date":"2026-01-29T13:17:05","date_gmt":"2026-01-29T12:17:05","guid":{"rendered":"https:\/\/iesmarcilla.educacion.navarra.es\/web\/?p=3733"},"modified":"2026-02-03T08:34:02","modified_gmt":"2026-02-03T07:34:02","slug":"museo-itinerante-de-matematicas-de-aragon","status":"publish","type":"post","link":"https:\/\/iesmarcilla.educacion.navarra.es\/web\/blog\/2026\/01\/29\/museo-itinerante-de-matematicas-de-aragon\/","title":{"rendered":"Museo Itinerante de Matem\u00e1ticas de Arag\u00f3n"},"content":{"rendered":"\n<p>Nuestro alumnado de 4\u00ba ESO visita el Museo Itinerante de Matem\u00e1ticas de Arag\u00f3n localizado en Tauste durante este curso y tambi\u00e9n realiza una visita guiada por la ciudad (28 y 29 de enero de 2026)<\/p>\n\n\n\n<figure class=\"wp-block-image size-large\"><img loading=\"lazy\" width=\"1024\" height=\"576\" src=\"https:\/\/iesmarcilla.educacion.navarra.es\/web\/wp-content\/uploads\/2026\/01\/tauste-8-1024x576.jpg\" alt=\"\" class=\"wp-image-3756\" srcset=\"https:\/\/iesmarcilla.educacion.navarra.es\/web\/wp-content\/uploads\/2026\/01\/tauste-8-1024x576.jpg 1024w, https:\/\/iesmarcilla.educacion.navarra.es\/web\/wp-content\/uploads\/2026\/01\/tauste-8-300x169.jpg 300w, https:\/\/iesmarcilla.educacion.navarra.es\/web\/wp-content\/uploads\/2026\/01\/tauste-8-768x432.jpg 768w, https:\/\/iesmarcilla.educacion.navarra.es\/web\/wp-content\/uploads\/2026\/01\/tauste-8.jpg 1500w\" sizes=\"(max-width: 1024px) 100vw, 1024px\" \/><\/figure>\n\n\n\n<figure class=\"wp-block-image size-large\"><img loading=\"lazy\" width=\"768\" height=\"1024\" src=\"https:\/\/iesmarcilla.educacion.navarra.es\/web\/wp-content\/uploads\/2026\/01\/Tauste-5-768x1024.jpg\" alt=\"\" class=\"wp-image-3735\" srcset=\"https:\/\/iesmarcilla.educacion.navarra.es\/web\/wp-content\/uploads\/2026\/01\/Tauste-5-768x1024.jpg 768w, https:\/\/iesmarcilla.educacion.navarra.es\/web\/wp-content\/uploads\/2026\/01\/Tauste-5-225x300.jpg 225w, https:\/\/iesmarcilla.educacion.navarra.es\/web\/wp-content\/uploads\/2026\/01\/Tauste-5-1152x1536.jpg 1152w, https:\/\/iesmarcilla.educacion.navarra.es\/web\/wp-content\/uploads\/2026\/01\/Tauste-5.jpg 1500w\" sizes=\"(max-width: 768px) 100vw, 768px\" \/><\/figure>\n\n\n\n<figure class=\"wp-block-image size-large\"><img loading=\"lazy\" width=\"768\" height=\"1024\" src=\"https:\/\/iesmarcilla.educacion.navarra.es\/web\/wp-content\/uploads\/2026\/01\/Tauste-6-768x1024.jpg\" alt=\"\" class=\"wp-image-3736\" srcset=\"https:\/\/iesmarcilla.educacion.navarra.es\/web\/wp-content\/uploads\/2026\/01\/Tauste-6-768x1024.jpg 768w, https:\/\/iesmarcilla.educacion.navarra.es\/web\/wp-content\/uploads\/2026\/01\/Tauste-6-225x300.jpg 225w, https:\/\/iesmarcilla.educacion.navarra.es\/web\/wp-content\/uploads\/2026\/01\/Tauste-6-1152x1536.jpg 1152w, https:\/\/iesmarcilla.educacion.navarra.es\/web\/wp-content\/uploads\/2026\/01\/Tauste-6.jpg 1500w\" sizes=\"(max-width: 768px) 100vw, 768px\" \/><\/figure>\n\n\n\n<figure class=\"wp-block-image size-large\"><img loading=\"lazy\" width=\"768\" height=\"1024\" src=\"https:\/\/iesmarcilla.educacion.navarra.es\/web\/wp-content\/uploads\/2026\/01\/tauste-4-768x1024.jpg\" alt=\"\" class=\"wp-image-3737\" srcset=\"https:\/\/iesmarcilla.educacion.navarra.es\/web\/wp-content\/uploads\/2026\/01\/tauste-4-768x1024.jpg 768w, https:\/\/iesmarcilla.educacion.navarra.es\/web\/wp-content\/uploads\/2026\/01\/tauste-4-225x300.jpg 225w, https:\/\/iesmarcilla.educacion.navarra.es\/web\/wp-content\/uploads\/2026\/01\/tauste-4-1152x1536.jpg 1152w, https:\/\/iesmarcilla.educacion.navarra.es\/web\/wp-content\/uploads\/2026\/01\/tauste-4.jpg 1500w\" sizes=\"(max-width: 768px) 100vw, 768px\" \/><\/figure>\n\n\n\n<figure class=\"wp-block-image size-large\"><img loading=\"lazy\" width=\"768\" height=\"1024\" src=\"https:\/\/iesmarcilla.educacion.navarra.es\/web\/wp-content\/uploads\/2026\/01\/Tauste-3-768x1024.jpg\" alt=\"\" class=\"wp-image-3738\" srcset=\"https:\/\/iesmarcilla.educacion.navarra.es\/web\/wp-content\/uploads\/2026\/01\/Tauste-3-768x1024.jpg 768w, https:\/\/iesmarcilla.educacion.navarra.es\/web\/wp-content\/uploads\/2026\/01\/Tauste-3-225x300.jpg 225w, https:\/\/iesmarcilla.educacion.navarra.es\/web\/wp-content\/uploads\/2026\/01\/Tauste-3-1152x1536.jpg 1152w, https:\/\/iesmarcilla.educacion.navarra.es\/web\/wp-content\/uploads\/2026\/01\/Tauste-3.jpg 1500w\" sizes=\"(max-width: 768px) 100vw, 768px\" \/><\/figure>\n\n\n\n<figure class=\"wp-block-image size-large\"><img loading=\"lazy\" width=\"768\" height=\"1024\" src=\"https:\/\/iesmarcilla.educacion.navarra.es\/web\/wp-content\/uploads\/2026\/01\/Tauste-2-768x1024.jpg\" alt=\"\" class=\"wp-image-3739\" srcset=\"https:\/\/iesmarcilla.educacion.navarra.es\/web\/wp-content\/uploads\/2026\/01\/Tauste-2-768x1024.jpg 768w, https:\/\/iesmarcilla.educacion.navarra.es\/web\/wp-content\/uploads\/2026\/01\/Tauste-2-225x300.jpg 225w, https:\/\/iesmarcilla.educacion.navarra.es\/web\/wp-content\/uploads\/2026\/01\/Tauste-2-1152x1536.jpg 1152w, https:\/\/iesmarcilla.educacion.navarra.es\/web\/wp-content\/uploads\/2026\/01\/Tauste-2.jpg 1500w\" sizes=\"(max-width: 768px) 100vw, 768px\" \/><\/figure>\n\n\n\n<figure class=\"wp-block-image size-large\"><img loading=\"lazy\" width=\"1024\" height=\"768\" src=\"https:\/\/iesmarcilla.educacion.navarra.es\/web\/wp-content\/uploads\/2026\/01\/Tauste-1-1024x768.jpg\" alt=\"\" class=\"wp-image-3740\" srcset=\"https:\/\/iesmarcilla.educacion.navarra.es\/web\/wp-content\/uploads\/2026\/01\/Tauste-1-1024x768.jpg 1024w, https:\/\/iesmarcilla.educacion.navarra.es\/web\/wp-content\/uploads\/2026\/01\/Tauste-1-300x225.jpg 300w, https:\/\/iesmarcilla.educacion.navarra.es\/web\/wp-content\/uploads\/2026\/01\/Tauste-1-768x576.jpg 768w, https:\/\/iesmarcilla.educacion.navarra.es\/web\/wp-content\/uploads\/2026\/01\/Tauste-1.jpg 1500w\" sizes=\"(max-width: 1024px) 100vw, 1024px\" \/><\/figure>\n\n\n\n<figure class=\"wp-block-image size-large\"><img loading=\"lazy\" width=\"576\" height=\"1024\" src=\"https:\/\/iesmarcilla.educacion.navarra.es\/web\/wp-content\/uploads\/2026\/01\/Tauste-7-576x1024.jpg\" alt=\"\" class=\"wp-image-3754\" srcset=\"https:\/\/iesmarcilla.educacion.navarra.es\/web\/wp-content\/uploads\/2026\/01\/Tauste-7-576x1024.jpg 576w, https:\/\/iesmarcilla.educacion.navarra.es\/web\/wp-content\/uploads\/2026\/01\/Tauste-7-169x300.jpg 169w, https:\/\/iesmarcilla.educacion.navarra.es\/web\/wp-content\/uploads\/2026\/01\/Tauste-7-768x1366.jpg 768w, https:\/\/iesmarcilla.educacion.navarra.es\/web\/wp-content\/uploads\/2026\/01\/Tauste-7-864x1536.jpg 864w, https:\/\/iesmarcilla.educacion.navarra.es\/web\/wp-content\/uploads\/2026\/01\/Tauste-7-1152x2048.jpg 1152w, https:\/\/iesmarcilla.educacion.navarra.es\/web\/wp-content\/uploads\/2026\/01\/Tauste-7-scaled.jpg 1440w\" sizes=\"(max-width: 576px) 100vw, 576px\" \/><\/figure>\n\n\n\n<figure class=\"wp-block-image size-large\"><img loading=\"lazy\" width=\"1024\" height=\"576\" src=\"https:\/\/iesmarcilla.educacion.navarra.es\/web\/wp-content\/uploads\/2026\/01\/Tauste-9-1024x576.jpg\" alt=\"\" class=\"wp-image-3755\" srcset=\"https:\/\/iesmarcilla.educacion.navarra.es\/web\/wp-content\/uploads\/2026\/01\/Tauste-9-1024x576.jpg 1024w, https:\/\/iesmarcilla.educacion.navarra.es\/web\/wp-content\/uploads\/2026\/01\/Tauste-9-300x169.jpg 300w, https:\/\/iesmarcilla.educacion.navarra.es\/web\/wp-content\/uploads\/2026\/01\/Tauste-9-768x432.jpg 768w, https:\/\/iesmarcilla.educacion.navarra.es\/web\/wp-content\/uploads\/2026\/01\/Tauste-9.jpg 1500w\" sizes=\"(max-width: 1024px) 100vw, 1024px\" \/><\/figure>\n\n\n\n<figure class=\"wp-block-image size-large\"><img loading=\"lazy\" width=\"1024\" height=\"576\" src=\"https:\/\/iesmarcilla.educacion.navarra.es\/web\/wp-content\/uploads\/2026\/01\/Tauste-10-1024x576.jpg\" alt=\"\" class=\"wp-image-3758\" srcset=\"https:\/\/iesmarcilla.educacion.navarra.es\/web\/wp-content\/uploads\/2026\/01\/Tauste-10-1024x576.jpg 1024w, https:\/\/iesmarcilla.educacion.navarra.es\/web\/wp-content\/uploads\/2026\/01\/Tauste-10-300x169.jpg 300w, https:\/\/iesmarcilla.educacion.navarra.es\/web\/wp-content\/uploads\/2026\/01\/Tauste-10-768x432.jpg 768w, https:\/\/iesmarcilla.educacion.navarra.es\/web\/wp-content\/uploads\/2026\/01\/Tauste-10.jpg 1500w\" sizes=\"(max-width: 1024px) 100vw, 1024px\" \/><\/figure>\n\n\n\n<figure class=\"wp-block-image size-large\"><img loading=\"lazy\" width=\"768\" height=\"1024\" src=\"https:\/\/iesmarcilla.educacion.navarra.es\/web\/wp-content\/uploads\/2026\/01\/Tauste-11-768x1024.jpg\" alt=\"\" class=\"wp-image-3761\" srcset=\"https:\/\/iesmarcilla.educacion.navarra.es\/web\/wp-content\/uploads\/2026\/01\/Tauste-11-768x1024.jpg 768w, https:\/\/iesmarcilla.educacion.navarra.es\/web\/wp-content\/uploads\/2026\/01\/Tauste-11-225x300.jpg 225w, https:\/\/iesmarcilla.educacion.navarra.es\/web\/wp-content\/uploads\/2026\/01\/Tauste-11-1152x1536.jpg 1152w, https:\/\/iesmarcilla.educacion.navarra.es\/web\/wp-content\/uploads\/2026\/01\/Tauste-11-rotated.jpg 1500w\" sizes=\"(max-width: 768px) 100vw, 768px\" \/><\/figure>\n\n\n\n<figure class=\"wp-block-image size-large\"><img loading=\"lazy\" width=\"1024\" height=\"768\" src=\"https:\/\/iesmarcilla.educacion.navarra.es\/web\/wp-content\/uploads\/2026\/02\/Tauste-12-1-1024x768.jpg\" alt=\"\" class=\"wp-image-3771\" srcset=\"https:\/\/iesmarcilla.educacion.navarra.es\/web\/wp-content\/uploads\/2026\/02\/Tauste-12-1-1024x768.jpg 1024w, https:\/\/iesmarcilla.educacion.navarra.es\/web\/wp-content\/uploads\/2026\/02\/Tauste-12-1-300x225.jpg 300w, https:\/\/iesmarcilla.educacion.navarra.es\/web\/wp-content\/uploads\/2026\/02\/Tauste-12-1-768x576.jpg 768w, https:\/\/iesmarcilla.educacion.navarra.es\/web\/wp-content\/uploads\/2026\/02\/Tauste-12-1.jpg 1500w\" sizes=\"(max-width: 1024px) 100vw, 1024px\" \/><\/figure>\n\n\n\n<figure class=\"wp-block-image size-large\"><img loading=\"lazy\" width=\"768\" height=\"1024\" src=\"https:\/\/iesmarcilla.educacion.navarra.es\/web\/wp-content\/uploads\/2026\/02\/Tauste-13-1-768x1024.jpg\" alt=\"\" class=\"wp-image-3772\" srcset=\"https:\/\/iesmarcilla.educacion.navarra.es\/web\/wp-content\/uploads\/2026\/02\/Tauste-13-1-768x1024.jpg 768w, https:\/\/iesmarcilla.educacion.navarra.es\/web\/wp-content\/uploads\/2026\/02\/Tauste-13-1-225x300.jpg 225w, https:\/\/iesmarcilla.educacion.navarra.es\/web\/wp-content\/uploads\/2026\/02\/Tauste-13-1-1152x1536.jpg 1152w, https:\/\/iesmarcilla.educacion.navarra.es\/web\/wp-content\/uploads\/2026\/02\/Tauste-13-1-rotated.jpg 1500w\" sizes=\"(max-width: 768px) 100vw, 768px\" \/><\/figure>\n","protected":false},"excerpt":{"rendered":"<p>Nuestro alumnado de 4\u00ba ESO visita el Museo Itinerante de Matem\u00e1ticas de Arag\u00f3n localizado en Tauste durante este curso y tambi\u00e9n realiza una visita guiada por la ciudad (28 y 29 de enero de 2026)<\/p>\n","protected":false},"author":1,"featured_media":3752,"comment_status":"closed","ping_status":"open","sticky":false,"template":"","format":"standard","meta":{"_genesis_hide_title":false,"_genesis_hide_breadcrumbs":false,"_genesis_hide_singular_image":false,"_genesis_hide_footer_widgets":false,"_genesis_custom_body_class":"","_genesis_custom_post_class":"","_genesis_layout":""},"categories":[10,1],"tags":[],"_links":{"self":[{"href":"https:\/\/iesmarcilla.educacion.navarra.es\/web\/wp-json\/wp\/v2\/posts\/3733"}],"collection":[{"href":"https:\/\/iesmarcilla.educacion.navarra.es\/web\/wp-json\/wp\/v2\/posts"}],"about":[{"href":"https:\/\/iesmarcilla.educacion.navarra.es\/web\/wp-json\/wp\/v2\/types\/post"}],"author":[{"embeddable":true,"href":"https:\/\/iesmarcilla.educacion.navarra.es\/web\/wp-json\/wp\/v2\/users\/1"}],"replies":[{"embeddable":true,"href":"https:\/\/iesmarcilla.educacion.navarra.es\/web\/wp-json\/wp\/v2\/comments?post=3733"}],"version-history":[{"count":5,"href":"https:\/\/iesmarcilla.educacion.navarra.es\/web\/wp-json\/wp\/v2\/posts\/3733\/revisions"}],"predecessor-version":[{"id":3773,"href":"https:\/\/iesmarcilla.educacion.navarra.es\/web\/wp-json\/wp\/v2\/posts\/3733\/revisions\/3773"}],"wp:featuredmedia":[{"embeddable":true,"href":"https:\/\/iesmarcilla.educacion.navarra.es\/web\/wp-json\/wp\/v2\/media\/3752"}],"wp:attachment":[{"href":"https:\/\/iesmarcilla.educacion.navarra.es\/web\/wp-json\/wp\/v2\/media?parent=3733"}],"wp:term":[{"taxonomy":"category","embeddable":true,"href":"https:\/\/iesmarcilla.educacion.navarra.es\/web\/wp-json\/wp\/v2\/categories?post=3733"},{"taxonomy":"post_tag","embeddable":true,"href":"https:\/\/iesmarcilla.educacion.navarra.es\/web\/wp-json\/wp\/v2\/tags?post=3733"}],"curies":[{"name":"wp","href":"https:\/\/api.w.org\/{rel}","templated":true}]}}