{"id":2483,"date":"2023-04-22T07:55:14","date_gmt":"2023-04-22T05:55:14","guid":{"rendered":"https:\/\/iesmarcilla.educacion.navarra.es\/web\/?p=2483"},"modified":"2023-04-22T08:03:53","modified_gmt":"2023-04-22T06:03:53","slug":"concurso-young-business-talents","status":"publish","type":"post","link":"https:\/\/iesmarcilla.educacion.navarra.es\/web\/blog\/2023\/04\/22\/concurso-young-business-talents\/","title":{"rendered":"Concurso Young Business Talents"},"content":{"rendered":"\n<p>Las alumnas Iris Imaz, Itziar Montori, Aintzane Ib\u00e1\u00f1ez y Laura Ezquerro, que cursan 1\u00ba de bachillerato, han obtenido el 4\u00ba puesto en la fase navarra del concurso Young Business Talents, con 1948 puntos y a tan solo 6 puntos de clasificarse para la final nacional en Madrid.<\/p>\n\n\n\n<figure class=\"wp-block-image size-full\"><img loading=\"lazy\" width=\"1024\" height=\"677\" src=\"https:\/\/iesmarcilla.educacion.navarra.es\/web\/wp-content\/uploads\/2023\/04\/ybt.png\" alt=\"\" class=\"wp-image-2484\" srcset=\"https:\/\/iesmarcilla.educacion.navarra.es\/web\/wp-content\/uploads\/2023\/04\/ybt.png 1024w, https:\/\/iesmarcilla.educacion.navarra.es\/web\/wp-content\/uploads\/2023\/04\/ybt-300x198.png 300w, https:\/\/iesmarcilla.educacion.navarra.es\/web\/wp-content\/uploads\/2023\/04\/ybt-768x508.png 768w\" sizes=\"(max-width: 1024px) 100vw, 1024px\" \/><figcaption>Alumnas participantes del IES Marqu\u00e9s de Villena<\/figcaption><\/figure>\n\n\n\n<p>Cabe destacar la participaci\u00f3n de estas alumnas, junto al profesor de Econom\u00eda Jorge D\u00edaz, en el programa de Televisi\u00f3n de Navarra hablando sobre este concurso.<\/p>\n\n\n\n<p>El enlace para ver toda la entrevista<a href=\"https:\/\/www.navarratelevision.es\/AlaCarta\/17b940d8-e993-975a-c8bc8ada23821e59\/dl\/x8jl2v9\/Los-jovenes-navarros-son-de-los-mas-pesimistas-al-mirar-a-su-futuro\" target=\"_blank\" rel=\"noreferrer noopener\"> aqu\u00ed<\/a><\/p>\n\n\n\n<figure class=\"wp-block-image size-full\"><a href=\"https:\/\/www.navarratelevision.es\/AlaCarta\/17b940d8-e993-975a-c8bc8ada23821e59\/dl\/x8jl2v9\/Los-jovenes-navarros-son-de-los-mas-pesimistas-al-mirar-a-su-futuro\" target=\"_blank\" rel=\"noopener\"><img loading=\"lazy\" width=\"800\" height=\"442\" src=\"https:\/\/iesmarcilla.educacion.navarra.es\/web\/wp-content\/uploads\/2023\/04\/Captura-de-Pantalla-2023-04-22-a-las-7.52.47.png\" alt=\"\" class=\"wp-image-2485\" srcset=\"https:\/\/iesmarcilla.educacion.navarra.es\/web\/wp-content\/uploads\/2023\/04\/Captura-de-Pantalla-2023-04-22-a-las-7.52.47.png 800w, https:\/\/iesmarcilla.educacion.navarra.es\/web\/wp-content\/uploads\/2023\/04\/Captura-de-Pantalla-2023-04-22-a-las-7.52.47-300x166.png 300w, https:\/\/iesmarcilla.educacion.navarra.es\/web\/wp-content\/uploads\/2023\/04\/Captura-de-Pantalla-2023-04-22-a-las-7.52.47-768x424.png 768w\" sizes=\"(max-width: 800px) 100vw, 800px\" \/><\/a><\/figure>\n","protected":false},"excerpt":{"rendered":"<p>Las alumnas Iris Imaz, Itziar Montori, Aintzane Ib\u00e1\u00f1ez y Laura Ezquerro, que cursan 1\u00ba de bachillerato, han obtenido el 4\u00ba puesto en la fase navarra del concurso Young Business Talents, con 1948 puntos y a tan solo 6 puntos de clasificarse para la final nacional en Madrid. Cabe destacar la participaci\u00f3n de estas alumnas, junto [&hellip;]<\/p>\n","protected":false},"author":1,"featured_media":2490,"comment_status":"closed","ping_status":"open","sticky":false,"template":"","format":"standard","meta":{"_genesis_hide_title":false,"_genesis_hide_breadcrumbs":false,"_genesis_hide_singular_image":false,"_genesis_hide_footer_widgets":false,"_genesis_custom_body_class":"","_genesis_custom_post_class":"","_genesis_layout":""},"categories":[10,1],"tags":[52,50,25,53],"_links":{"self":[{"href":"https:\/\/iesmarcilla.educacion.navarra.es\/web\/wp-json\/wp\/v2\/posts\/2483"}],"collection":[{"href":"https:\/\/iesmarcilla.educacion.navarra.es\/web\/wp-json\/wp\/v2\/posts"}],"about":[{"href":"https:\/\/iesmarcilla.educacion.navarra.es\/web\/wp-json\/wp\/v2\/types\/post"}],"author":[{"embeddable":true,"href":"https:\/\/iesmarcilla.educacion.navarra.es\/web\/wp-json\/wp\/v2\/users\/1"}],"replies":[{"embeddable":true,"href":"https:\/\/iesmarcilla.educacion.navarra.es\/web\/wp-json\/wp\/v2\/comments?post=2483"}],"version-history":[{"count":2,"href":"https:\/\/iesmarcilla.educacion.navarra.es\/web\/wp-json\/wp\/v2\/posts\/2483\/revisions"}],"predecessor-version":[{"id":2487,"href":"https:\/\/iesmarcilla.educacion.navarra.es\/web\/wp-json\/wp\/v2\/posts\/2483\/revisions\/2487"}],"wp:featuredmedia":[{"embeddable":true,"href":"https:\/\/iesmarcilla.educacion.navarra.es\/web\/wp-json\/wp\/v2\/media\/2490"}],"wp:attachment":[{"href":"https:\/\/iesmarcilla.educacion.navarra.es\/web\/wp-json\/wp\/v2\/media?parent=2483"}],"wp:term":[{"taxonomy":"category","embeddable":true,"href":"https:\/\/iesmarcilla.educacion.navarra.es\/web\/wp-json\/wp\/v2\/categories?post=2483"},{"taxonomy":"post_tag","embeddable":true,"href":"https:\/\/iesmarcilla.educacion.navarra.es\/web\/wp-json\/wp\/v2\/tags?post=2483"}],"curies":[{"name":"wp","href":"https:\/\/api.w.org\/{rel}","templated":true}]}}