{"id":2210,"date":"2022-03-28T20:12:29","date_gmt":"2022-03-28T18:12:29","guid":{"rendered":"https:\/\/iesmarcilla.educacion.navarra.es\/web\/?p=2210"},"modified":"2022-03-28T20:31:43","modified_gmt":"2022-03-28T18:31:43","slug":"semana-de-las-lenguas-clasicas","status":"publish","type":"post","link":"https:\/\/iesmarcilla.educacion.navarra.es\/web\/blog\/2022\/03\/28\/semana-de-las-lenguas-clasicas\/","title":{"rendered":"Semana de las Lenguas Cl\u00e1sicas"},"content":{"rendered":"\n<figure class=\"wp-block-image size-full is-resized\"><img loading=\"lazy\" src=\"https:\/\/iesmarcilla.educacion.navarra.es\/web\/wp-content\/uploads\/2022\/03\/20220314_142919.jpg\" alt=\"\" class=\"wp-image-2226\" width=\"839\" height=\"629\" srcset=\"https:\/\/iesmarcilla.educacion.navarra.es\/web\/wp-content\/uploads\/2022\/03\/20220314_142919.jpg 640w, https:\/\/iesmarcilla.educacion.navarra.es\/web\/wp-content\/uploads\/2022\/03\/20220314_142919-300x225.jpg 300w\" sizes=\"(max-width: 839px) 100vw, 839px\" \/><\/figure>\n\n\n\n<p>En marzo se celebr\u00f3, en el IES Marqu\u00e9s de Villena, la Semana de las Lenguas Cl\u00e1sicas con diversas actividades con el fin \u00faltimo de promover esta cultura entre el alumnado y profesorado. <\/p>\n\n\n\n<p>Entre las actividades cabe destacar el concurso RE-CRENDO UN MITO que cont\u00f3 con la participaci\u00f3n de alumnado y profesorado del centro. A continuaci\u00f3n los mitos ganadores:<\/p>\n\n\n\n<figure class=\"wp-duotone-8c00b7-fcff41-1 wp-block-image size-large is-resized\"><img loading=\"lazy\" src=\"https:\/\/iesmarcilla.educacion.navarra.es\/web\/wp-content\/uploads\/2022\/03\/Captura-de-pantalla-2022-03-28-a-las-19.07.08-1024x331.png\" alt=\"\" class=\"wp-image-2220\" width=\"504\" height=\"163\" srcset=\"https:\/\/iesmarcilla.educacion.navarra.es\/web\/wp-content\/uploads\/2022\/03\/Captura-de-pantalla-2022-03-28-a-las-19.07.08-1024x331.png 1024w, https:\/\/iesmarcilla.educacion.navarra.es\/web\/wp-content\/uploads\/2022\/03\/Captura-de-pantalla-2022-03-28-a-las-19.07.08-300x97.png 300w, https:\/\/iesmarcilla.educacion.navarra.es\/web\/wp-content\/uploads\/2022\/03\/Captura-de-pantalla-2022-03-28-a-las-19.07.08-768x248.png 768w, https:\/\/iesmarcilla.educacion.navarra.es\/web\/wp-content\/uploads\/2022\/03\/Captura-de-pantalla-2022-03-28-a-las-19.07.08-1536x496.png 1536w, https:\/\/iesmarcilla.educacion.navarra.es\/web\/wp-content\/uploads\/2022\/03\/Captura-de-pantalla-2022-03-28-a-las-19.07.08.png 1828w\" sizes=\"(max-width: 504px) 100vw, 504px\" \/><\/figure>\n\n\n\n<div class=\"wp-block-columns\">\n<div class=\"wp-block-column\" style=\"flex-basis:100%\">\n<div class=\"wp-container-2 wp-block-group\"><div class=\"wp-block-group__inner-container\">\n<figure class=\"wp-block-image size-full is-resized\"><img loading=\"lazy\" src=\"https:\/\/iesmarcilla.educacion.navarra.es\/web\/wp-content\/uploads\/2022\/03\/Captura-de-pantalla-2022-03-27-a-las-17.55.46.png\" alt=\"\" class=\"wp-image-2214\" width=\"807\" height=\"494\" srcset=\"https:\/\/iesmarcilla.educacion.navarra.es\/web\/wp-content\/uploads\/2022\/03\/Captura-de-pantalla-2022-03-27-a-las-17.55.46.png 640w, https:\/\/iesmarcilla.educacion.navarra.es\/web\/wp-content\/uploads\/2022\/03\/Captura-de-pantalla-2022-03-27-a-las-17.55.46-300x183.png 300w\" sizes=\"(max-width: 807px) 100vw, 807px\" \/><\/figure>\n<\/div><\/div>\n<\/div>\n<\/div>\n\n\n\n<figure class=\"wp-block-image size-full is-resized\"><img loading=\"lazy\" src=\"https:\/\/iesmarcilla.educacion.navarra.es\/web\/wp-content\/uploads\/2022\/03\/Captura-de-pantalla-2022-03-28-a-las-18.59.48.png\" alt=\"\" class=\"wp-image-2217\" width=\"808\" height=\"286\" srcset=\"https:\/\/iesmarcilla.educacion.navarra.es\/web\/wp-content\/uploads\/2022\/03\/Captura-de-pantalla-2022-03-28-a-las-18.59.48.png 640w, https:\/\/iesmarcilla.educacion.navarra.es\/web\/wp-content\/uploads\/2022\/03\/Captura-de-pantalla-2022-03-28-a-las-18.59.48-300x106.png 300w\" sizes=\"(max-width: 808px) 100vw, 808px\" \/><\/figure>\n\n\n\n<figure class=\"wp-block-image size-full is-resized\"><img loading=\"lazy\" src=\"https:\/\/iesmarcilla.educacion.navarra.es\/web\/wp-content\/uploads\/2022\/03\/Captura-de-pantalla-2022-03-27-a-las-17.58.33.png\" alt=\"\" class=\"wp-image-2215\" width=\"816\" height=\"480\" srcset=\"https:\/\/iesmarcilla.educacion.navarra.es\/web\/wp-content\/uploads\/2022\/03\/Captura-de-pantalla-2022-03-27-a-las-17.58.33.png 640w, https:\/\/iesmarcilla.educacion.navarra.es\/web\/wp-content\/uploads\/2022\/03\/Captura-de-pantalla-2022-03-27-a-las-17.58.33-300x177.png 300w\" sizes=\"(max-width: 816px) 100vw, 816px\" \/><\/figure>\n\n\n\n<figure class=\"wp-block-image size-full is-resized\"><img loading=\"lazy\" src=\"https:\/\/iesmarcilla.educacion.navarra.es\/web\/wp-content\/uploads\/2022\/03\/Captura-de-pantalla-2022-03-28-a-las-19.02.30.png\" alt=\"\" class=\"wp-image-2218\" width=\"814\" height=\"297\" srcset=\"https:\/\/iesmarcilla.educacion.navarra.es\/web\/wp-content\/uploads\/2022\/03\/Captura-de-pantalla-2022-03-28-a-las-19.02.30.png 640w, https:\/\/iesmarcilla.educacion.navarra.es\/web\/wp-content\/uploads\/2022\/03\/Captura-de-pantalla-2022-03-28-a-las-19.02.30-300x109.png 300w\" sizes=\"(max-width: 814px) 100vw, 814px\" \/><\/figure>\n\n\n\n<figure class=\"wp-block-image size-full is-resized\"><img loading=\"lazy\" src=\"https:\/\/iesmarcilla.educacion.navarra.es\/web\/wp-content\/uploads\/2022\/03\/Captura-de-pantalla-2022-03-27-a-las-18.01.41.png\" alt=\"\" class=\"wp-image-2216\" width=\"823\" height=\"258\" srcset=\"https:\/\/iesmarcilla.educacion.navarra.es\/web\/wp-content\/uploads\/2022\/03\/Captura-de-pantalla-2022-03-27-a-las-18.01.41.png 640w, https:\/\/iesmarcilla.educacion.navarra.es\/web\/wp-content\/uploads\/2022\/03\/Captura-de-pantalla-2022-03-27-a-las-18.01.41-300x94.png 300w\" sizes=\"(max-width: 823px) 100vw, 823px\" \/><\/figure>\n\n\n\n<figure class=\"wp-block-image size-full is-resized\"><img loading=\"lazy\" src=\"https:\/\/iesmarcilla.educacion.navarra.es\/web\/wp-content\/uploads\/2022\/03\/Captura-de-pantalla-2022-03-28-a-las-19.06.21.png\" alt=\"\" class=\"wp-image-2219\" width=\"827\" height=\"493\" srcset=\"https:\/\/iesmarcilla.educacion.navarra.es\/web\/wp-content\/uploads\/2022\/03\/Captura-de-pantalla-2022-03-28-a-las-19.06.21.png 640w, https:\/\/iesmarcilla.educacion.navarra.es\/web\/wp-content\/uploads\/2022\/03\/Captura-de-pantalla-2022-03-28-a-las-19.06.21-300x179.png 300w\" sizes=\"(max-width: 827px) 100vw, 827px\" \/><\/figure>\n\n\n\n<hr class=\"wp-block-separator\" \/>\n\n\n\n<p>Por otro lado, tambi\u00e9n pudimos contar con un Photo-call de trajes t\u00edpicos griegos y romanos.<\/p>\n\n\n\n<div class=\"wp-block-columns\">\n<div class=\"wp-block-column\" style=\"flex-basis:25%\">\n<figure class=\"wp-block-image size-full\"><img loading=\"lazy\" width=\"288\" height=\"640\" src=\"https:\/\/iesmarcilla.educacion.navarra.es\/web\/wp-content\/uploads\/2022\/03\/20220317_112937.jpg\" alt=\"\" class=\"wp-image-2223\" srcset=\"https:\/\/iesmarcilla.educacion.navarra.es\/web\/wp-content\/uploads\/2022\/03\/20220317_112937.jpg 288w, https:\/\/iesmarcilla.educacion.navarra.es\/web\/wp-content\/uploads\/2022\/03\/20220317_112937-135x300.jpg 135w\" sizes=\"(max-width: 288px) 100vw, 288px\" \/><\/figure>\n\n\n\n<figure class=\"wp-block-image size-full is-resized\"><img loading=\"lazy\" src=\"https:\/\/iesmarcilla.educacion.navarra.es\/web\/wp-content\/uploads\/2022\/03\/20220314_114045.jpg\" alt=\"\" class=\"wp-image-2227\" width=\"218\" height=\"164\" srcset=\"https:\/\/iesmarcilla.educacion.navarra.es\/web\/wp-content\/uploads\/2022\/03\/20220314_114045.jpg 640w, https:\/\/iesmarcilla.educacion.navarra.es\/web\/wp-content\/uploads\/2022\/03\/20220314_114045-300x225.jpg 300w\" sizes=\"(max-width: 218px) 100vw, 218px\" \/><\/figure>\n\n\n\n<figure class=\"wp-block-image size-full\"><img loading=\"lazy\" width=\"640\" height=\"428\" src=\"https:\/\/iesmarcilla.educacion.navarra.es\/web\/wp-content\/uploads\/2022\/03\/Captura-de-pantalla-2022-03-28-a-las-19.59.18-1.png\" alt=\"\" class=\"wp-image-2234\" srcset=\"https:\/\/iesmarcilla.educacion.navarra.es\/web\/wp-content\/uploads\/2022\/03\/Captura-de-pantalla-2022-03-28-a-las-19.59.18-1.png 640w, https:\/\/iesmarcilla.educacion.navarra.es\/web\/wp-content\/uploads\/2022\/03\/Captura-de-pantalla-2022-03-28-a-las-19.59.18-1-300x201.png 300w\" sizes=\"(max-width: 640px) 100vw, 640px\" \/><\/figure>\n<\/div>\n\n\n\n<div class=\"wp-block-column\" style=\"flex-basis:50%\">\n<figure class=\"wp-block-image size-full is-resized\"><img loading=\"lazy\" src=\"https:\/\/iesmarcilla.educacion.navarra.es\/web\/wp-content\/uploads\/2022\/03\/20220317_114148.jpg\" alt=\"\" class=\"wp-image-2224\" width=\"307\" height=\"684\" \/><\/figure>\n<\/div>\n\n\n\n<div class=\"wp-block-column\" style=\"flex-basis:25%\">\n<figure class=\"wp-block-image size-full\"><img loading=\"lazy\" width=\"288\" height=\"640\" src=\"https:\/\/iesmarcilla.educacion.navarra.es\/web\/wp-content\/uploads\/2022\/03\/20220317_113527.jpg\" alt=\"\" class=\"wp-image-2225\" srcset=\"https:\/\/iesmarcilla.educacion.navarra.es\/web\/wp-content\/uploads\/2022\/03\/20220317_113527.jpg 288w, https:\/\/iesmarcilla.educacion.navarra.es\/web\/wp-content\/uploads\/2022\/03\/20220317_113527-135x300.jpg 135w\" sizes=\"(max-width: 288px) 100vw, 288px\" \/><\/figure>\n\n\n\n<figure class=\"wp-block-image size-full\"><img loading=\"lazy\" width=\"480\" height=\"640\" src=\"https:\/\/iesmarcilla.educacion.navarra.es\/web\/wp-content\/uploads\/2022\/03\/20220314_114006.jpg\" alt=\"\" class=\"wp-image-2228\" srcset=\"https:\/\/iesmarcilla.educacion.navarra.es\/web\/wp-content\/uploads\/2022\/03\/20220314_114006.jpg 480w, https:\/\/iesmarcilla.educacion.navarra.es\/web\/wp-content\/uploads\/2022\/03\/20220314_114006-225x300.jpg 225w\" sizes=\"(max-width: 480px) 100vw, 480px\" \/><\/figure>\n<\/div>\n<\/div>\n\n\n\n<hr class=\"wp-block-separator\" \/>\n\n\n\n<div class=\"wp-block-columns\">\n<div class=\"wp-block-column\">\n<figure class=\"wp-block-image size-full\"><img loading=\"lazy\" width=\"640\" height=\"288\" src=\"https:\/\/iesmarcilla.educacion.navarra.es\/web\/wp-content\/uploads\/2022\/03\/20220316_113408.jpg\" alt=\"\" class=\"wp-image-2230\" srcset=\"https:\/\/iesmarcilla.educacion.navarra.es\/web\/wp-content\/uploads\/2022\/03\/20220316_113408.jpg 640w, https:\/\/iesmarcilla.educacion.navarra.es\/web\/wp-content\/uploads\/2022\/03\/20220316_113408-300x135.jpg 300w\" sizes=\"(max-width: 640px) 100vw, 640px\" \/><\/figure>\n\n\n\n<p>Tatuajes o lettering con frases latinas\/griegas en el patio <\/p>\n\n\n\n<figure class=\"wp-block-image size-full\"><img loading=\"lazy\" width=\"640\" height=\"443\" src=\"https:\/\/iesmarcilla.educacion.navarra.es\/web\/wp-content\/uploads\/2022\/03\/Captura-de-pantalla-2022-03-28-a-las-19.55.14.png\" alt=\"\" class=\"wp-image-2232\" srcset=\"https:\/\/iesmarcilla.educacion.navarra.es\/web\/wp-content\/uploads\/2022\/03\/Captura-de-pantalla-2022-03-28-a-las-19.55.14.png 640w, https:\/\/iesmarcilla.educacion.navarra.es\/web\/wp-content\/uploads\/2022\/03\/Captura-de-pantalla-2022-03-28-a-las-19.55.14-300x208.png 300w\" sizes=\"(max-width: 640px) 100vw, 640px\" \/><\/figure>\n<\/div>\n\n\n\n<div class=\"wp-block-column\">\n<figure class=\"wp-block-image size-full is-resized\"><img loading=\"lazy\" src=\"https:\/\/iesmarcilla.educacion.navarra.es\/web\/wp-content\/uploads\/2022\/03\/20220315_112504-1.jpg\" alt=\"\" class=\"wp-image-2231\" width=\"386\" height=\"515\" srcset=\"https:\/\/iesmarcilla.educacion.navarra.es\/web\/wp-content\/uploads\/2022\/03\/20220315_112504-1.jpg 480w, https:\/\/iesmarcilla.educacion.navarra.es\/web\/wp-content\/uploads\/2022\/03\/20220315_112504-1-225x300.jpg 225w\" sizes=\"(max-width: 386px) 100vw, 386px\" \/><\/figure>\n<\/div>\n<\/div>\n\n\n\n<hr class=\"wp-block-separator\" \/>\n\n\n\n<p>Charla de Adri\u00e1n Mart\u00ednez con el alumnado de 3\u00ba, 4\u00ba y 1\u00ba Bachillerato<\/p>\n\n\n\n<div class=\"wp-block-columns\">\n<div class=\"wp-block-column\">\n<figure class=\"wp-block-image size-full\"><img loading=\"lazy\" width=\"640\" height=\"288\" src=\"https:\/\/iesmarcilla.educacion.navarra.es\/web\/wp-content\/uploads\/2022\/03\/20220318_130205.jpg\" alt=\"\" class=\"wp-image-2237\" srcset=\"https:\/\/iesmarcilla.educacion.navarra.es\/web\/wp-content\/uploads\/2022\/03\/20220318_130205.jpg 640w, https:\/\/iesmarcilla.educacion.navarra.es\/web\/wp-content\/uploads\/2022\/03\/20220318_130205-300x135.jpg 300w\" sizes=\"(max-width: 640px) 100vw, 640px\" \/><\/figure>\n<\/div>\n\n\n\n<div class=\"wp-block-column\">\n<figure class=\"wp-block-image size-full\"><img loading=\"lazy\" width=\"640\" height=\"288\" src=\"https:\/\/iesmarcilla.educacion.navarra.es\/web\/wp-content\/uploads\/2022\/03\/20220318_120539.jpg\" alt=\"\" class=\"wp-image-2236\" srcset=\"https:\/\/iesmarcilla.educacion.navarra.es\/web\/wp-content\/uploads\/2022\/03\/20220318_120539.jpg 640w, https:\/\/iesmarcilla.educacion.navarra.es\/web\/wp-content\/uploads\/2022\/03\/20220318_120539-300x135.jpg 300w\" sizes=\"(max-width: 640px) 100vw, 640px\" \/><\/figure>\n<\/div>\n<\/div>\n\n\n\n<div class=\"wp-block-columns\">\n<div class=\"wp-block-column\">\n<figure class=\"wp-block-image size-full\"><img loading=\"lazy\" width=\"480\" height=\"640\" src=\"https:\/\/iesmarcilla.educacion.navarra.es\/web\/wp-content\/uploads\/2022\/03\/20220317_113803-2.jpg\" alt=\"\" class=\"wp-image-2243\" srcset=\"https:\/\/iesmarcilla.educacion.navarra.es\/web\/wp-content\/uploads\/2022\/03\/20220317_113803-2.jpg 480w, https:\/\/iesmarcilla.educacion.navarra.es\/web\/wp-content\/uploads\/2022\/03\/20220317_113803-2-225x300.jpg 225w\" sizes=\"(max-width: 480px) 100vw, 480px\" \/><\/figure>\n\n\n\n<p class=\"has-text-align-center\">Las profesoras de Lat\u00edn y Griego organizadoras de la Semana de las Lenguas Cl\u00e1sicas<\/p>\n\n\n\n<p class=\"has-text-align-center\"> Paula Val y Ana Ab\u00e1rzuza<\/p>\n<\/div>\n\n\n\n<div class=\"wp-block-column\">\n<figure class=\"wp-block-image size-full is-resized\"><img loading=\"lazy\" src=\"https:\/\/iesmarcilla.educacion.navarra.es\/web\/wp-content\/uploads\/2022\/03\/20220318_133803-4.jpg\" alt=\"\" class=\"wp-image-2244\" width=\"328\" height=\"729\" srcset=\"https:\/\/iesmarcilla.educacion.navarra.es\/web\/wp-content\/uploads\/2022\/03\/20220318_133803-4.jpg 288w, https:\/\/iesmarcilla.educacion.navarra.es\/web\/wp-content\/uploads\/2022\/03\/20220318_133803-4-135x300.jpg 135w\" sizes=\"(max-width: 328px) 100vw, 328px\" \/><\/figure>\n<\/div>\n<\/div>\n\n\n\n<p><\/p>\n","protected":false},"excerpt":{"rendered":"<p>En marzo se celebr\u00f3, en el IES Marqu\u00e9s de Villena, la Semana de las Lenguas Cl\u00e1sicas con diversas actividades con el fin \u00faltimo de promover esta cultura entre el alumnado y profesorado. Entre las actividades cabe destacar el concurso RE-CRENDO UN MITO que cont\u00f3 con la participaci\u00f3n de alumnado y profesorado del centro. A continuaci\u00f3n [&hellip;]<\/p>\n","protected":false},"author":1,"featured_media":2254,"comment_status":"closed","ping_status":"open","sticky":false,"template":"","format":"standard","meta":{"_genesis_hide_title":false,"_genesis_hide_breadcrumbs":false,"_genesis_hide_singular_image":false,"_genesis_hide_footer_widgets":false,"_genesis_custom_body_class":"","_genesis_custom_post_class":"","_genesis_layout":""},"categories":[10,1],"tags":[],"_links":{"self":[{"href":"https:\/\/iesmarcilla.educacion.navarra.es\/web\/wp-json\/wp\/v2\/posts\/2210"}],"collection":[{"href":"https:\/\/iesmarcilla.educacion.navarra.es\/web\/wp-json\/wp\/v2\/posts"}],"about":[{"href":"https:\/\/iesmarcilla.educacion.navarra.es\/web\/wp-json\/wp\/v2\/types\/post"}],"author":[{"embeddable":true,"href":"https:\/\/iesmarcilla.educacion.navarra.es\/web\/wp-json\/wp\/v2\/users\/1"}],"replies":[{"embeddable":true,"href":"https:\/\/iesmarcilla.educacion.navarra.es\/web\/wp-json\/wp\/v2\/comments?post=2210"}],"version-history":[{"count":3,"href":"https:\/\/iesmarcilla.educacion.navarra.es\/web\/wp-json\/wp\/v2\/posts\/2210\/revisions"}],"predecessor-version":[{"id":2247,"href":"https:\/\/iesmarcilla.educacion.navarra.es\/web\/wp-json\/wp\/v2\/posts\/2210\/revisions\/2247"}],"wp:featuredmedia":[{"embeddable":true,"href":"https:\/\/iesmarcilla.educacion.navarra.es\/web\/wp-json\/wp\/v2\/media\/2254"}],"wp:attachment":[{"href":"https:\/\/iesmarcilla.educacion.navarra.es\/web\/wp-json\/wp\/v2\/media?parent=2210"}],"wp:term":[{"taxonomy":"category","embeddable":true,"href":"https:\/\/iesmarcilla.educacion.navarra.es\/web\/wp-json\/wp\/v2\/categories?post=2210"},{"taxonomy":"post_tag","embeddable":true,"href":"https:\/\/iesmarcilla.educacion.navarra.es\/web\/wp-json\/wp\/v2\/tags?post=2210"}],"curies":[{"name":"wp","href":"https:\/\/api.w.org\/{rel}","templated":true}]}}