{"id":2079,"date":"2021-12-01T20:31:21","date_gmt":"2021-12-01T19:31:21","guid":{"rendered":"https:\/\/iesmarcilla.educacion.navarra.es\/web\/?p=2079"},"modified":"2021-12-02T09:15:16","modified_gmt":"2021-12-02T08:15:16","slug":"la-ciencia-en-la-calle","status":"publish","type":"post","link":"https:\/\/iesmarcilla.educacion.navarra.es\/web\/blog\/2021\/12\/01\/la-ciencia-en-la-calle\/","title":{"rendered":"La Ciencia en la calle"},"content":{"rendered":"\n<p>El d\u00eda 22 de Noviembre, el alumnado de 1\u00baA y 1\u00baF de ESO, acompa\u00f1ados por el profesor de Biolog\u00eda, Jorge Mu\u00f1oz, recorrieron las calles de Marcilla colgando toda una serie de carteler\u00eda en relaci\u00f3n con la iniciativa \u201cCiencia en las calles\u201d. Esta iniciativa, desarrollada por el Museo de Ciencias de la Universidad de Navarra y en colaboraci\u00f3n con otras instituciones, consist\u00eda en la realizaci\u00f3n de diversas infograf\u00edas en castellano y en euskera sobre qu\u00e9 procesos cient\u00edficos est\u00e1n detr\u00e1s de objetos cotidianos, como un coche, un m\u00f3vil o una barra de pan. Estas infograf\u00edas fueron distribuidas por diferentes puntos de informaci\u00f3n en Pamplona con la idea de acercar la ciencia a la ciudadan\u00eda general.\u00a0<\/p>\n\n\n\n<p>El instituto IES Marqu\u00e9s de Villena, con el visto bueno del Ayuntamiento de la localidad, contact\u00f3 con Marta Revuelta, del Museo de Ciencias de la UN, con la idea de colocar esos mismos carteles en la localidad de Marcilla, de forma que pudi\u00e9semos repetir aqu\u00ed lo ya hecho en Pamplona. Se dedic\u00f3 una sesi\u00f3n a explicar al  alumnado en qu\u00e9 consist\u00eda el proyecto y a destacar algunos de los aspectos m\u00e1s llamativos recogidos en las infograf\u00edas. En la siguiente sesi\u00f3n recorrimos el pueblo colgando los carteles. Fue una actividad sencilla y divertida, en la que pasamos un buen rato, hicimos ejercicio y, lo m\u00e1s importante, colaboramos en la divulgaci\u00f3n cient\u00edfica dentro de nuestra localidad.<\/p>\n\n\n\n<div class=\"wp-block-columns\">\n<div class=\"wp-block-column\" style=\"flex-basis:100%\">\n<figure class=\"wp-block-image size-full is-resized\"><img loading=\"lazy\" src=\"https:\/\/iesmarcilla.educacion.navarra.es\/web\/wp-content\/uploads\/2021\/12\/1637747236908.jpg\" alt=\"\" class=\"wp-image-2080\" width=\"836\" height=\"627\" srcset=\"https:\/\/iesmarcilla.educacion.navarra.es\/web\/wp-content\/uploads\/2021\/12\/1637747236908.jpg 640w, https:\/\/iesmarcilla.educacion.navarra.es\/web\/wp-content\/uploads\/2021\/12\/1637747236908-300x225.jpg 300w\" sizes=\"(max-width: 836px) 100vw, 836px\" \/><figcaption>1\u00ba ESO en el Castillo de Marcilla<\/figcaption><\/figure>\n\n\n\n<p><\/p>\n<\/div>\n<\/div>\n\n\n\n<div class=\"wp-block-columns has-cyan-bluish-gray-color has-cyan-bluish-gray-background-color has-text-color has-background\">\n<div class=\"wp-block-column has-black-color has-text-color\" style=\"flex-basis:100%\">\n<figure class=\"wp-block-image size-full is-resized\"><img loading=\"lazy\" src=\"https:\/\/iesmarcilla.educacion.navarra.es\/web\/wp-content\/uploads\/2021\/12\/1637746959277.jpg\" alt=\"\" class=\"wp-image-2081\" width=\"462\" height=\"347\" srcset=\"https:\/\/iesmarcilla.educacion.navarra.es\/web\/wp-content\/uploads\/2021\/12\/1637746959277.jpg 640w, https:\/\/iesmarcilla.educacion.navarra.es\/web\/wp-content\/uploads\/2021\/12\/1637746959277-300x225.jpg 300w\" sizes=\"(max-width: 462px) 100vw, 462px\" \/><figcaption><strong>Colocando un cartel en el Centro de Salud de Marcilla<\/strong><\/figcaption><\/figure>\n<\/div>\n<\/div>\n\n\n\n<div class=\"wp-block-columns has-pale-cyan-blue-background-color has-background\">\n<div class=\"wp-block-column\" style=\"flex-basis:100%\">\n<figure class=\"wp-block-image size-full is-resized\"><img loading=\"lazy\" src=\"https:\/\/iesmarcilla.educacion.navarra.es\/web\/wp-content\/uploads\/2021\/12\/1637747236926-edited.jpg\" alt=\"\" class=\"wp-image-2083\" width=\"535\" height=\"713\" srcset=\"https:\/\/iesmarcilla.educacion.navarra.es\/web\/wp-content\/uploads\/2021\/12\/1637747236926-edited.jpg 438w, https:\/\/iesmarcilla.educacion.navarra.es\/web\/wp-content\/uploads\/2021\/12\/1637747236926-edited-225x300.jpg 225w\" sizes=\"(max-width: 535px) 100vw, 535px\" \/><\/figure>\n<\/div>\n<\/div>\n","protected":false},"excerpt":{"rendered":"<p>El d\u00eda 22 de Noviembre, el alumnado de 1\u00baA y 1\u00baF de ESO, acompa\u00f1ados por el profesor de Biolog\u00eda, Jorge Mu\u00f1oz, recorrieron las calles de Marcilla colgando toda una serie de carteler\u00eda en relaci\u00f3n con la iniciativa \u201cCiencia en las calles\u201d. Esta iniciativa, desarrollada por el Museo de Ciencias de la Universidad de Navarra y [&hellip;]<\/p>\n","protected":false},"author":1,"featured_media":2086,"comment_status":"closed","ping_status":"open","sticky":false,"template":"","format":"standard","meta":{"_genesis_hide_title":false,"_genesis_hide_breadcrumbs":false,"_genesis_hide_singular_image":false,"_genesis_hide_footer_widgets":false,"_genesis_custom_body_class":"","_genesis_custom_post_class":"","_genesis_layout":""},"categories":[13,10,1],"tags":[],"_links":{"self":[{"href":"https:\/\/iesmarcilla.educacion.navarra.es\/web\/wp-json\/wp\/v2\/posts\/2079"}],"collection":[{"href":"https:\/\/iesmarcilla.educacion.navarra.es\/web\/wp-json\/wp\/v2\/posts"}],"about":[{"href":"https:\/\/iesmarcilla.educacion.navarra.es\/web\/wp-json\/wp\/v2\/types\/post"}],"author":[{"embeddable":true,"href":"https:\/\/iesmarcilla.educacion.navarra.es\/web\/wp-json\/wp\/v2\/users\/1"}],"replies":[{"embeddable":true,"href":"https:\/\/iesmarcilla.educacion.navarra.es\/web\/wp-json\/wp\/v2\/comments?post=2079"}],"version-history":[{"count":4,"href":"https:\/\/iesmarcilla.educacion.navarra.es\/web\/wp-json\/wp\/v2\/posts\/2079\/revisions"}],"predecessor-version":[{"id":2091,"href":"https:\/\/iesmarcilla.educacion.navarra.es\/web\/wp-json\/wp\/v2\/posts\/2079\/revisions\/2091"}],"wp:featuredmedia":[{"embeddable":true,"href":"https:\/\/iesmarcilla.educacion.navarra.es\/web\/wp-json\/wp\/v2\/media\/2086"}],"wp:attachment":[{"href":"https:\/\/iesmarcilla.educacion.navarra.es\/web\/wp-json\/wp\/v2\/media?parent=2079"}],"wp:term":[{"taxonomy":"category","embeddable":true,"href":"https:\/\/iesmarcilla.educacion.navarra.es\/web\/wp-json\/wp\/v2\/categories?post=2079"},{"taxonomy":"post_tag","embeddable":true,"href":"https:\/\/iesmarcilla.educacion.navarra.es\/web\/wp-json\/wp\/v2\/tags?post=2079"}],"curies":[{"name":"wp","href":"https:\/\/api.w.org\/{rel}","templated":true}]}}