{"id":1932,"date":"2021-04-19T20:21:09","date_gmt":"2021-04-19T18:21:09","guid":{"rendered":"https:\/\/iesmarcilla.educacion.navarra.es\/web\/?p=1932"},"modified":"2021-06-02T11:00:52","modified_gmt":"2021-06-02T09:00:52","slug":"prueba-de-acceso-a-la-seccion-bilingue","status":"publish","type":"post","link":"https:\/\/iesmarcilla.educacion.navarra.es\/web\/blog\/2021\/04\/19\/prueba-de-acceso-a-la-seccion-bilingue\/","title":{"rendered":"PRUEBA DE ACCESO A LA SECCI\u00d3N BILING\u00dcE"},"content":{"rendered":"\n<figure class=\"wp-block-pullquote\" style=\"border-color:#cf2e2e\"><blockquote class=\"has-text-color has-vivid-red-color\"><p>Fecha prueba : 9 de junio de 2021<\/p><p>Lugar:\u00a0 aulas 107-109-111-113 del IES Marqu\u00e9s de Villena<\/p><p>Hora: 18h-19:30h<\/p><cite>La duraci\u00f3n de la prueba ser\u00e1 aproximadamente de 90 minutos.<br>Acceder\u00e1n al centro por la puerta principal del instituto (C\/ Pr\u00edncipe de espa\u00f1a)<br>En las ventanas junto a la rampa de acceso estar\u00e1n expuestos los listados.<br>Esperar\u00e1n fuera hasta que el profesorado encargado de cada aula llame al alumnado por orden alfab\u00e9tico para entrar a las aulas<\/cite><\/blockquote><\/figure>\n\n\n\n<p><a href=\"https:\/\/bon.navarra.es\/es\/anuncio\/-\/texto\/2019\/26\/4\/\">Acceso a Secciones Biling\u00fces de ingl\u00e9s:<\/a><\/p>\n\n\n\n<ul><li>El alumnado que as\u00ed lo desee podr\u00e1 solicitar el acceso mediante una prueba de nivel ling\u00fc\u00edstico y previa aprobaci\u00f3n del equipo docente, siempre que haya vacantes en dicho programa. El centro realizar\u00e1 una prueba de nivel ling\u00fc\u00edstico. La prueba est\u00e1 destinada a seleccionar el n\u00famero de alumnado acorde a las plazas ofertadas en la Secci\u00f3n Biling\u00fce.&nbsp;<\/li><\/ul>\n\n\n\n<p>El programa de Secciones Biling\u00fces de Educaci\u00f3n Secundaria desarrolla el curr\u00edculo oficial de una o varias asignaturas utilizando como lengua vehicular, total o parcialmente, la lengua inglesa, francesa o alemana. El objetivo es integrar el aprendizaje de la lengua y el del contenido. El alumnado se incorpora al programa en 1\u00ba de ESO y contin\u00faa en \u00e9l hasta finalizar la etapa, en 4\u00ba de ESO.<\/p>\n\n\n\n<hr class=\"wp-block-separator\" \/>\n\n\n\n<p>La prueba de idioma consta de las siguientes partes:<\/p>\n\n\n\n<ol><li>Vocabulario b\u00e1sico del entorno pr\u00f3ximo estudiado durante la ense\u00f1anza primaria (familia, casa, ciudad, deportes, ropa etc.)<\/li><li>Gram\u00e1tica : presente simple y continuo, pasado simple, el grado del adjetivo, verbos modales que expresan habilidad y obligaci\u00f3n, verbos que expresan rutina diaria y tiempo libre, verbos irregulares b\u00e1sicos.<\/li><li>Lectura comprensiva de un texto de nivel A1+<\/li><li>Escucha comprensiva de nivel A1+<\/li><li>Redacci\u00f3n escrita con descripci\u00f3n (personas, casa, aula\u2026), narraci\u00f3n (rutinas diarias) y narraci\u00f3n en pasado (vacaciones).<\/li><\/ol>\n\n\n\n<p>Los resultados de la prueba ser\u00e1n comunicados a los centros de Primaria antes de finalizar el mes de junio.<\/p>\n","protected":false},"excerpt":{"rendered":"<p>Fecha prueba : 9 de junio de 2021 Lugar:\u00a0 aulas 107-109-111-113 del IES Marqu\u00e9s de Villena Hora: 18h-19:30h La duraci\u00f3n de la prueba ser\u00e1 aproximadamente de 90 minutos.Acceder\u00e1n al centro por la puerta principal del instituto (C\/ Pr\u00edncipe de espa\u00f1a)En las ventanas junto a la rampa de acceso estar\u00e1n expuestos los listados.Esperar\u00e1n fuera hasta que [&hellip;]<\/p>\n","protected":false},"author":1,"featured_media":1933,"comment_status":"closed","ping_status":"open","sticky":false,"template":"","format":"standard","meta":{"_genesis_hide_title":false,"_genesis_hide_breadcrumbs":false,"_genesis_hide_singular_image":false,"_genesis_hide_footer_widgets":false,"_genesis_custom_body_class":"","_genesis_custom_post_class":"","_genesis_layout":""},"categories":[10,1],"tags":[],"_links":{"self":[{"href":"https:\/\/iesmarcilla.educacion.navarra.es\/web\/wp-json\/wp\/v2\/posts\/1932"}],"collection":[{"href":"https:\/\/iesmarcilla.educacion.navarra.es\/web\/wp-json\/wp\/v2\/posts"}],"about":[{"href":"https:\/\/iesmarcilla.educacion.navarra.es\/web\/wp-json\/wp\/v2\/types\/post"}],"author":[{"embeddable":true,"href":"https:\/\/iesmarcilla.educacion.navarra.es\/web\/wp-json\/wp\/v2\/users\/1"}],"replies":[{"embeddable":true,"href":"https:\/\/iesmarcilla.educacion.navarra.es\/web\/wp-json\/wp\/v2\/comments?post=1932"}],"version-history":[{"count":8,"href":"https:\/\/iesmarcilla.educacion.navarra.es\/web\/wp-json\/wp\/v2\/posts\/1932\/revisions"}],"predecessor-version":[{"id":1975,"href":"https:\/\/iesmarcilla.educacion.navarra.es\/web\/wp-json\/wp\/v2\/posts\/1932\/revisions\/1975"}],"wp:featuredmedia":[{"embeddable":true,"href":"https:\/\/iesmarcilla.educacion.navarra.es\/web\/wp-json\/wp\/v2\/media\/1933"}],"wp:attachment":[{"href":"https:\/\/iesmarcilla.educacion.navarra.es\/web\/wp-json\/wp\/v2\/media?parent=1932"}],"wp:term":[{"taxonomy":"category","embeddable":true,"href":"https:\/\/iesmarcilla.educacion.navarra.es\/web\/wp-json\/wp\/v2\/categories?post=1932"},{"taxonomy":"post_tag","embeddable":true,"href":"https:\/\/iesmarcilla.educacion.navarra.es\/web\/wp-json\/wp\/v2\/tags?post=1932"}],"curies":[{"name":"wp","href":"https:\/\/api.w.org\/{rel}","templated":true}]}}