{"id":142,"date":"2017-02-19T00:50:23","date_gmt":"2017-02-18T23:50:23","guid":{"rendered":"http:\/\/iesmarcilla.educacion.navarra.es\/web\/50-aniversario\/?p=142"},"modified":"2017-03-24T17:17:58","modified_gmt":"2017-03-24T16:17:58","slug":"acto-de-inauguracion","status":"publish","type":"post","link":"https:\/\/iesmarcilla.educacion.navarra.es\/web\/50-aniversario\/2017\/02\/19\/acto-de-inauguracion\/","title":{"rendered":"Acto de Inauguraci\u00f3n"},"content":{"rendered":"<p>El Acto Inaugural del 50 Aniversario del IES Marqu\u00e9s de Villena se llevaba a cabo el d\u00eda 16 de febrero con una Mesa Redonda compuesta por componentes de equipos directivos que han ejercido en el \u00a0centro a lo largo de estos 50 a\u00f1os.<\/p>\n<p><a href=\"https:\/\/drive.google.com\/a\/educacion.navarra.es\/file\/d\/0B3x-DWYo3XDVTVQxb0Q4VzR1QlE\/view?usp=sharing\"><img loading=\"lazy\" class=\"aligncenter wp-image-143 size-large\" src=\"http:\/\/iesmarcilla.educacion.navarra.es\/web\/50-aniversario\/wp-content\/uploads\/sites\/2\/2017\/02\/foto1-1-1024x683.jpg\" alt=\"mesa redonda\" width=\"1024\" height=\"683\" srcset=\"https:\/\/iesmarcilla.educacion.navarra.es\/web\/50-aniversario\/wp-content\/uploads\/sites\/2\/2017\/02\/foto1-1-1024x683.jpg 1024w, https:\/\/iesmarcilla.educacion.navarra.es\/web\/50-aniversario\/wp-content\/uploads\/sites\/2\/2017\/02\/foto1-1-300x200.jpg 300w, https:\/\/iesmarcilla.educacion.navarra.es\/web\/50-aniversario\/wp-content\/uploads\/sites\/2\/2017\/02\/foto1-1-768x512.jpg 768w, https:\/\/iesmarcilla.educacion.navarra.es\/web\/50-aniversario\/wp-content\/uploads\/sites\/2\/2017\/02\/foto1-1.jpg 1200w\" sizes=\"(max-width: 1024px) 100vw, 1024px\" \/><\/a><\/p>\n<p><!--more-->Dicho acto fue presentado por la actual Vicedirectora, M\u00f3nica Sanz, cuyo discurso lo puedes leer<a href=\"https:\/\/docs.google.com\/document\/d\/1d3J0uFFNYvufm-IWhwm7IDppihTwbUWs_s0TjnkR1FA\/edit?usp=sharing\" target=\"_blank\"> aqu\u00ed <\/a>. Cedi\u00e9ndole la palabra al El Director General de Educaci\u00f3n, Roberto P\u00e9rez Elorza.<\/p>\n<div id='gallery-1' class='gallery galleryid-142 gallery-columns-2 gallery-size-medium'><figure class='gallery-item'>\n\t\t\t<div class='gallery-icon portrait'>\n\t\t\t\t<a href='https:\/\/iesmarcilla.educacion.navarra.es\/web\/50-aniversario\/2017\/02\/19\/acto-de-inauguracion\/img_20170216_183732\/'><img width=\"225\" height=\"300\" src=\"https:\/\/iesmarcilla.educacion.navarra.es\/web\/50-aniversario\/wp-content\/uploads\/sites\/2\/2017\/02\/IMG_20170216_183732-225x300.jpg\" class=\"attachment-medium size-medium\" alt=\"Presentaci\u00f3n\" loading=\"lazy\" srcset=\"https:\/\/iesmarcilla.educacion.navarra.es\/web\/50-aniversario\/wp-content\/uploads\/sites\/2\/2017\/02\/IMG_20170216_183732-225x300.jpg 225w, https:\/\/iesmarcilla.educacion.navarra.es\/web\/50-aniversario\/wp-content\/uploads\/sites\/2\/2017\/02\/IMG_20170216_183732-768x1024.jpg 768w, https:\/\/iesmarcilla.educacion.navarra.es\/web\/50-aniversario\/wp-content\/uploads\/sites\/2\/2017\/02\/IMG_20170216_183732.jpg 900w\" sizes=\"(max-width: 225px) 100vw, 225px\" \/><\/a>\n\t\t\t<\/div><\/figure><figure class='gallery-item'>\n\t\t\t<div class='gallery-icon portrait'>\n\t\t\t\t<a href='https:\/\/iesmarcilla.educacion.navarra.es\/web\/50-aniversario\/2017\/02\/19\/acto-de-inauguracion\/img_20170216_184201\/'><img width=\"225\" height=\"300\" src=\"https:\/\/iesmarcilla.educacion.navarra.es\/web\/50-aniversario\/wp-content\/uploads\/sites\/2\/2017\/02\/IMG_20170216_184201-225x300.jpg\" class=\"attachment-medium size-medium\" alt=\"Director General\" loading=\"lazy\" srcset=\"https:\/\/iesmarcilla.educacion.navarra.es\/web\/50-aniversario\/wp-content\/uploads\/sites\/2\/2017\/02\/IMG_20170216_184201-225x300.jpg 225w, https:\/\/iesmarcilla.educacion.navarra.es\/web\/50-aniversario\/wp-content\/uploads\/sites\/2\/2017\/02\/IMG_20170216_184201-768x1024.jpg 768w, https:\/\/iesmarcilla.educacion.navarra.es\/web\/50-aniversario\/wp-content\/uploads\/sites\/2\/2017\/02\/IMG_20170216_184201.jpg 900w\" sizes=\"(max-width: 225px) 100vw, 225px\" \/><\/a>\n\t\t\t<\/div><\/figure>\n\t\t<\/div>\n\n<p>Terminando la presentaci\u00f3n la actual Directora, Marisa Fonseca. Seguidamente vimos un<a href=\"https:\/\/drive.google.com\/file\/d\/0B3x-DWYo3XDVbTFjcFBtQUw3MFE\/view?usp=sharing\" target=\"_blank\"> v\u00eddeo<\/a> que recoge im\u00e1genes de estos 50 a\u00f1os.<\/p>\n<div id='gallery-2' class='gallery galleryid-142 gallery-columns-2 gallery-size-medium'><figure class='gallery-item'>\n\t\t\t<div class='gallery-icon portrait'>\n\t\t\t\t<a href='https:\/\/iesmarcilla.educacion.navarra.es\/web\/50-aniversario\/2017\/02\/19\/acto-de-inauguracion\/img_20170216_184635\/'><img width=\"225\" height=\"300\" src=\"https:\/\/iesmarcilla.educacion.navarra.es\/web\/50-aniversario\/wp-content\/uploads\/sites\/2\/2017\/02\/IMG_20170216_184635-225x300.jpg\" class=\"attachment-medium size-medium\" alt=\"saludo\" loading=\"lazy\" srcset=\"https:\/\/iesmarcilla.educacion.navarra.es\/web\/50-aniversario\/wp-content\/uploads\/sites\/2\/2017\/02\/IMG_20170216_184635-225x300.jpg 225w, https:\/\/iesmarcilla.educacion.navarra.es\/web\/50-aniversario\/wp-content\/uploads\/sites\/2\/2017\/02\/IMG_20170216_184635-768x1024.jpg 768w, https:\/\/iesmarcilla.educacion.navarra.es\/web\/50-aniversario\/wp-content\/uploads\/sites\/2\/2017\/02\/IMG_20170216_184635.jpg 900w\" sizes=\"(max-width: 225px) 100vw, 225px\" \/><\/a>\n\t\t\t<\/div><\/figure><figure class='gallery-item'>\n\t\t\t<div class='gallery-icon landscape'>\n\t\t\t\t<a href='https:\/\/iesmarcilla.educacion.navarra.es\/web\/50-aniversario\/2017\/02\/19\/acto-de-inauguracion\/img_20170216_185653\/'><img width=\"300\" height=\"225\" src=\"https:\/\/iesmarcilla.educacion.navarra.es\/web\/50-aniversario\/wp-content\/uploads\/sites\/2\/2017\/02\/IMG_20170216_185653-300x225.jpg\" class=\"attachment-medium size-medium\" alt=\"presentaci\u00f3n\" loading=\"lazy\" srcset=\"https:\/\/iesmarcilla.educacion.navarra.es\/web\/50-aniversario\/wp-content\/uploads\/sites\/2\/2017\/02\/IMG_20170216_185653-300x225.jpg 300w, https:\/\/iesmarcilla.educacion.navarra.es\/web\/50-aniversario\/wp-content\/uploads\/sites\/2\/2017\/02\/IMG_20170216_185653-768x576.jpg 768w, https:\/\/iesmarcilla.educacion.navarra.es\/web\/50-aniversario\/wp-content\/uploads\/sites\/2\/2017\/02\/IMG_20170216_185653-1024x768.jpg 1024w, https:\/\/iesmarcilla.educacion.navarra.es\/web\/50-aniversario\/wp-content\/uploads\/sites\/2\/2017\/02\/IMG_20170216_185653.jpg 1200w\" sizes=\"(max-width: 300px) 100vw, 300px\" \/><\/a>\n\t\t\t<\/div><\/figure>\n\t\t<\/div>\n\n<p>Acto seguido fue Luis Carlos D\u00edaz, \u00a0Director del IES del Marqu\u00e9s de Villena durante 28 a\u00f1os (y tres a\u00f1os de jefe de estudios de 1974 a 2014) \u00a0quien dirigi\u00f3 el acto. Nos fue presentando a todos los componentes de la mesa redonda, donde cada uno de ellos iban contando su paso por el instituto, tanto desde el punto de vista de profesor como de integrante del equipo directivo. Nos fueron \u00a0contando sus vivencias, sus an\u00e9cdotas y sus recuerdos.<\/p>\n<p>Los integrantes de la mesa redonda fueron:<\/p>\n<ul>\n<li><a href=\"https:\/\/drive.google.com\/file\/d\/0BxHOz8iN9TBDUnJ1Z0hwbjY5M1U\/view?usp=sharing\" target=\"_blank\">Javier Eslava<\/a>, Secretario de 1972 a 1978.<\/li>\n<li><a href=\"https:\/\/drive.google.com\/file\/d\/0BxHOz8iN9TBDZzVMZ1l4Qzk5YlU\/view?usp=sharing\" target=\"_blank\">Ferm\u00edn Villanueva<\/a>, Director, Jefe de Estudio, Vicedirector y Secretario de 1979 a 1986<\/li>\n<li><a href=\"https:\/\/drive.google.com\/file\/d\/0BxHOz8iN9TBDLW5BQW5XNzVPUFU\/view?usp=sharing\" target=\"_blank\">Javier Labarga<\/a>, Secretario de 1982 a 19883<\/li>\n<li><a href=\"https:\/\/drive.google.com\/file\/d\/0BxHOz8iN9TBDRDNnQ09FQUhNQUk\/view?usp=sharing\" target=\"_blank\">Conchita Vicente<\/a>, Secretaria de 1984 a 1992<\/li>\n<li><a href=\"https:\/\/drive.google.com\/file\/d\/0BxHOz8iN9TBDYUpwUUwySnE2QXc\/view?usp=sharing\" target=\"_blank\">Jes\u00fas Varea<\/a>, Jefe de Estudios de 1986 a 1992<\/li>\n<li><a href=\"https:\/\/drive.google.com\/file\/d\/0BxHOz8iN9TBDM18zT2VRb3Y1N0E\/view?usp=sharing\" target=\"_blank\">Jes\u00fas Zalaca\u00edn<\/a>, Vicedirector de 1987 a 1988<\/li>\n<li><a href=\"https:\/\/drive.google.com\/file\/d\/0BxHOz8iN9TBDcER0akl2SW8xMDQ\/view?usp=sharing\" target=\"_blank\">Jos\u00e9 \u00c1ngel Larumbe<\/a>, Jefe de Estudios, Vicedirector y Secretario de 1988 a 1996<\/li>\n<li><a href=\"https:\/\/drive.google.com\/file\/d\/0BxHOz8iN9TBDMG9XMjF3d2JfLTA\/view?usp=sharing\" target=\"_blank\">Vicente Dur\u00e1n<\/a>, Vicedirector de 1992 a 1996<\/li>\n<li><a href=\"https:\/\/drive.google.com\/file\/d\/0BxHOz8iN9TBDeUY3RkZGa0VUYXM\/view?usp=sharing\" target=\"_blank\">Teresa L\u00f3pez<\/a>, Secretaria de 1994 a 1997<\/li>\n<li><a href=\"https:\/\/drive.google.com\/file\/d\/0BxHOz8iN9TBDeUY3RkZGa0VUYXM\/view?usp=sharing\" target=\"_blank\">Julia Urra<\/a>, Vicedirectora de 1996 a 1999<\/li>\n<li><a href=\"https:\/\/drive.google.com\/file\/d\/0BxHOz8iN9TBDNG9rRVpxZkdUaTg\/view?usp=sharing\" target=\"_blank\">Jes\u00fas \u00dakar<\/a>, Jefe de Estudios de 1996 a 1999<\/li>\n<li><a href=\"https:\/\/drive.google.com\/file\/d\/0BxHOz8iN9TBDeDZicF85SGNURkk\/view?usp=sharing\" target=\"_blank\">Elena Zurbano<\/a>, Vicedirectora de 1999 a 2000<\/li>\n<li><a href=\"https:\/\/drive.google.com\/file\/d\/0BxHOz8iN9TBDbjNUdV82OUdMclk\/view?usp=sharing\" target=\"_blank\">Jos\u00e9 Luis Men\u00e9ndez,<\/a> Jefe de Estudios de 1999 a 2000<\/li>\n<li><a href=\"https:\/\/drive.google.com\/file\/d\/0BxHOz8iN9TBDaTFYdVpTZmUxYms\/view?usp=sharing\" target=\"_blank\">Gabriel \u00dariz<\/a>, Jefe de Estudios de 1999 a 2004<\/li>\n<li><a href=\"https:\/\/drive.google.com\/file\/d\/0BxHOz8iN9TBDWC1xU3BuZEtSb2c\/view?usp=sharing\" target=\"_blank\">Jos\u00e9 Ram\u00f3n Garc\u00eda<\/a>, Jefe de Estudios de 2000 a 2004<\/li>\n<li>Maite Jim\u00e9nez, Vicedirectora de 2004 a 2011<\/li>\n<li>Rafael Pastor, Jefe de Estudios de 2004 a 2010<\/li>\n<\/ul>\n<p>Adem\u00e1s tambi\u00e9n se encontraban entre el p\u00fablico, Javier Anero (Jefe de Estudios de 1992 a 1994), Javier Velasco (Jefe de Estudios de 2004 a 2010) , Alberto Urrutia (Secretario de a 2010), Asun Garde (Jefe de Estudios de 2011 a 2014), Jos\u00e9 Blanco (Secretario 2016 a 2017), Mariv\u00ed Cort\u00e9s (Jefa de Estudios de 2013 a 2017) y Yolanda Guembe (Jefe de Estudios de 2014 a \u00a02017).<\/p>\n<p>Para finalizar la alumna Claudia Rodrigo cerr\u00f3 el acto con una canci\u00f3n.<\/p>\n<p><img loading=\"lazy\" class=\"aligncenter wp-image-148 size-medium\" src=\"http:\/\/iesmarcilla.educacion.navarra.es\/web\/50-aniversario\/wp-content\/uploads\/sites\/2\/2017\/02\/IMG_20170216_204346-peque\u00f1a-300x282.jpg\" alt=\"cierre del acto\" width=\"300\" height=\"282\" srcset=\"https:\/\/iesmarcilla.educacion.navarra.es\/web\/50-aniversario\/wp-content\/uploads\/sites\/2\/2017\/02\/IMG_20170216_204346-peque\u00f1a-300x282.jpg 300w, https:\/\/iesmarcilla.educacion.navarra.es\/web\/50-aniversario\/wp-content\/uploads\/sites\/2\/2017\/02\/IMG_20170216_204346-peque\u00f1a-768x723.jpg 768w, https:\/\/iesmarcilla.educacion.navarra.es\/web\/50-aniversario\/wp-content\/uploads\/sites\/2\/2017\/02\/IMG_20170216_204346-peque\u00f1a-1024x964.jpg 1024w, https:\/\/iesmarcilla.educacion.navarra.es\/web\/50-aniversario\/wp-content\/uploads\/sites\/2\/2017\/02\/IMG_20170216_204346-peque\u00f1a.jpg 1197w\" sizes=\"(max-width: 300px) 100vw, 300px\" \/><\/p>\n<p>Adem\u00e1s durante el acto pudimos ver \u00a0<a href=\"https:\/\/drive.google.com\/file\/d\/0BxHOz8iN9TBDNGVNdDNYT1hTODQ\/view?usp=sharing\" target=\"_blank\">este v\u00eddeo<\/a>\u00a0de im\u00e1genes de estos 50 a\u00f1os.<\/p>\n<p>&nbsp;<\/p>\n","protected":false},"excerpt":{"rendered":"<p>El Acto Inaugural del 50 Aniversario del IES Marqu\u00e9s de Villena se llevaba a cabo el d\u00eda 16 de febrero con una Mesa Redonda compuesta por componentes de equipos directivos que han ejercido en el \u00a0centro a lo largo de estos 50 a\u00f1os.<\/p>\n","protected":false},"author":1,"featured_media":161,"comment_status":"open","ping_status":"open","sticky":false,"template":"","format":"standard","meta":{"_genesis_hide_title":false,"_genesis_hide_breadcrumbs":false,"_genesis_hide_singular_image":false,"_genesis_hide_footer_widgets":false,"_genesis_custom_body_class":"","_genesis_custom_post_class":"","_genesis_layout":""},"categories":[4,3,1],"tags":[],"_links":{"self":[{"href":"https:\/\/iesmarcilla.educacion.navarra.es\/web\/50-aniversario\/wp-json\/wp\/v2\/posts\/142"}],"collection":[{"href":"https:\/\/iesmarcilla.educacion.navarra.es\/web\/50-aniversario\/wp-json\/wp\/v2\/posts"}],"about":[{"href":"https:\/\/iesmarcilla.educacion.navarra.es\/web\/50-aniversario\/wp-json\/wp\/v2\/types\/post"}],"author":[{"embeddable":true,"href":"https:\/\/iesmarcilla.educacion.navarra.es\/web\/50-aniversario\/wp-json\/wp\/v2\/users\/1"}],"replies":[{"embeddable":true,"href":"https:\/\/iesmarcilla.educacion.navarra.es\/web\/50-aniversario\/wp-json\/wp\/v2\/comments?post=142"}],"version-history":[{"count":17,"href":"https:\/\/iesmarcilla.educacion.navarra.es\/web\/50-aniversario\/wp-json\/wp\/v2\/posts\/142\/revisions"}],"predecessor-version":[{"id":235,"href":"https:\/\/iesmarcilla.educacion.navarra.es\/web\/50-aniversario\/wp-json\/wp\/v2\/posts\/142\/revisions\/235"}],"wp:featuredmedia":[{"embeddable":true,"href":"https:\/\/iesmarcilla.educacion.navarra.es\/web\/50-aniversario\/wp-json\/wp\/v2\/media\/161"}],"wp:attachment":[{"href":"https:\/\/iesmarcilla.educacion.navarra.es\/web\/50-aniversario\/wp-json\/wp\/v2\/media?parent=142"}],"wp:term":[{"taxonomy":"category","embeddable":true,"href":"https:\/\/iesmarcilla.educacion.navarra.es\/web\/50-aniversario\/wp-json\/wp\/v2\/categories?post=142"},{"taxonomy":"post_tag","embeddable":true,"href":"https:\/\/iesmarcilla.educacion.navarra.es\/web\/50-aniversario\/wp-json\/wp\/v2\/tags?post=142"}],"curies":[{"name":"wp","href":"https:\/\/api.w.org\/{rel}","templated":true}]}}